{"id":250886,"date":"2022-08-18T09:43:21","date_gmt":"2022-08-18T09:43:21","guid":{"rendered":"https:\/\/immobarcelo.es\/?p=250886"},"modified":"2022-08-18T15:21:07","modified_gmt":"2022-08-18T15:21:07","slug":"que-fer-si-mocupen-la-casa","status":"publish","type":"post","link":"https:\/\/immobarcelo.es\/ca\/que-fer-si-mocupen-la-casa\/","title":{"rendered":"Qu\u00e9 fer si m&#8217;ocupen la casa?"},"content":{"rendered":"<p>L&#8217;estiu est\u00e0 a punt d&#8217;acabar i s\u00f3n moltes les persones o fam\u00edlies que han marxat de vacances amb un neguit, tenen por de tornar a casa i trobar-la ocupada, \u00e9s per aix\u00f2 que avui parlarem de qu\u00e8 fer si m&#8217;ocupen la casa?<\/p>\n<p>Ja d&#8217;entrada sabem que \u00e9s un tema molt controvertit, aix\u00ed que intentarem no ferir cap sensibilitat.<\/p>\n<h2>Qu\u00e8 fer si m&#8217;ocupen la casa?<\/h2>\n<p>Ocupaci\u00f3, al contrari del que tots pensem no \u00e9s un terme jur\u00eddic i no est\u00e0 incl\u00f2s al<a href=\"https:\/\/www.boe.es\/buscar\/doc.php?id=BOE-A-2018-7833\" target=\"_blank\" rel=\"noopener\"> Codi Penal<\/a>.<\/p>\n<p>\u00c9s un mot utilitzat de forma col\u00b7loquial per tota la societat i els mitjans de comunicaci\u00f3 que defineix el fet pel qual una persona s&#8217;instal\u00b7la a viure a un habitatge que no \u00e9s seu.<\/p>\n<p>Aqu\u00ed comencen els primers malentesos, ja que, al no estar present al codi penal, no es poden denunciar els fets sota el nom d&#8217;ocupaci\u00f3, per\u00f2 si per usurpaci\u00f3 o violaci\u00f3 de domicili.<\/p>\n<div id=\"attachment_250842\" style=\"width: 997px\" class=\"wp-caption alignnone\"><img loading=\"lazy\" decoding=\"async\" aria-describedby=\"caption-attachment-250842\" class=\"size-full wp-image-250842\" src=\"https:\/\/immobarcelo.es\/wp-content\/uploads\/2022\/08\/img_fcedo_20191227-164940_imagenes_lv_propias_fcedo_okupes_arenys-kRsE-QGPPSRIFS7IHW3FR-992x558@LaVanguardia-Web.jpg\" alt=\"que-fer-si-mocupen-la-casa\" width=\"987\" height=\"558\" srcset=\"https:\/\/immobarcelo.es\/wp-content\/uploads\/2022\/08\/img_fcedo_20191227-164940_imagenes_lv_propias_fcedo_okupes_arenys-kRsE-QGPPSRIFS7IHW3FR-992x558@LaVanguardia-Web.jpg 987w, https:\/\/immobarcelo.es\/wp-content\/uploads\/2022\/08\/img_fcedo_20191227-164940_imagenes_lv_propias_fcedo_okupes_arenys-kRsE-QGPPSRIFS7IHW3FR-992x558@LaVanguardia-Web-300x170.jpg 300w, https:\/\/immobarcelo.es\/wp-content\/uploads\/2022\/08\/img_fcedo_20191227-164940_imagenes_lv_propias_fcedo_okupes_arenys-kRsE-QGPPSRIFS7IHW3FR-992x558@LaVanguardia-Web-768x434.jpg 768w\" sizes=\"auto, (max-width: 987px) 100vw, 987px\" \/><p id=\"caption-attachment-250842\" class=\"wp-caption-text\">La Vanguardia &#8211; Arenys de Mar<\/p><\/div>\n<h3>Usurpaci\u00f3 d&#8217;habitatge<\/h3>\n<p>Una usurpaci\u00f3 d&#8217;habitatge \u00e9s l&#8217;ocupaci\u00f3 il\u00b7legal d&#8217;un habitatge deshabitat sense el consentiment dels seus propietaris.<\/p>\n<p>Aix\u00f2 \u00e9s delicte i la pena per aquesta acci\u00f3 \u00e9s de multa econ\u00f2mica perqu\u00e8 l&#8217;immoble no es considera morada per la just\u00edcia.<\/p>\n<h3>Violaci\u00f3 de domicili<\/h3>\n<p>\u00c9s l&#8217;ocupaci\u00f3 d&#8217;un habitatge sense l&#8217;autoritzaci\u00f3 dels seus habitants.<\/p>\n<p>Anem veient que aqu\u00ed la cosa va de domicilis.<\/p>\n<h3>Qu\u00e8 es considera domicili?<\/h3>\n<p>La morada \u00e9s tot b\u00e9 immoble que s&#8217;utilitzi com a resid\u00e8ncia o domicili i lloc de realitzaci\u00f3 d&#8217;activitats privades i dins de morada i podem trobar:<\/p>\n<ul>\n<li>interior de l&#8217;habitatge<\/li>\n<li>annexos de l&#8217;habitatge<\/li>\n<li>una caravana<\/li>\n<li>l&#8217;habitaci\u00f3 d&#8217;un hotel<\/li>\n<li>tenda de campanya<\/li>\n<\/ul>\n<p>&nbsp;<\/p>\n<p><img loading=\"lazy\" decoding=\"async\" class=\"alignnone size-full wp-image-250835\" src=\"https:\/\/immobarcelo.es\/wp-content\/uploads\/2022\/08\/paul-szewczyk-bJGy8eodwg4-unsplash.jpg\" alt=\"que-fer-si-mocupen-la-casa\" width=\"1920\" height=\"1024\" srcset=\"https:\/\/immobarcelo.es\/wp-content\/uploads\/2022\/08\/paul-szewczyk-bJGy8eodwg4-unsplash.jpg 1920w, https:\/\/immobarcelo.es\/wp-content\/uploads\/2022\/08\/paul-szewczyk-bJGy8eodwg4-unsplash-300x160.jpg 300w, https:\/\/immobarcelo.es\/wp-content\/uploads\/2022\/08\/paul-szewczyk-bJGy8eodwg4-unsplash-1024x546.jpg 1024w, https:\/\/immobarcelo.es\/wp-content\/uploads\/2022\/08\/paul-szewczyk-bJGy8eodwg4-unsplash-768x410.jpg 768w, https:\/\/immobarcelo.es\/wp-content\/uploads\/2022\/08\/paul-szewczyk-bJGy8eodwg4-unsplash-1536x819.jpg 1536w\" sizes=\"auto, (max-width: 1920px) 100vw, 1920px\" \/><\/p>\n<h3>\u00bfUna segona resid\u00e8ncia \u00e9s considerada morada?<\/h3>\n<p>Err\u00f2niament, es pensa que no, per\u00f2 el cert \u00e9s que es considera morada tot espai tancat on el propietari pernocti o hi guardi les seves coses, i aix\u00f2 ja ens ho deixa tot m\u00e9s clar.<\/p>\n<h3>He tornat de vacances i m&#8217;he trobat la casa ocupada<\/h3>\n<p>Si a la tornada de les teves vacances et trobes amb la casa o el pis ocupat, t&#8217;explicarem el que has de fer i sobretot, el que no has de fer.<\/p>\n<h3>Qu\u00e8 no has de fer si t&#8217;han ocupat la casa?<\/h3>\n<p>L&#8217;ocupaci\u00f3 \u00e9s una situaci\u00f3 molt dram\u00e0tica per qualsevol de nosaltres, representa una vulneraci\u00f3 d&#8217;un dels pilars b\u00e0sics de la nostra societat, la propietat privada, el nostre lloc de descans, el projecte de vida i el fruit del nostre esfor\u00e7.<\/p>\n<p>\u00c9s f\u00e0cil posar-se nervi\u00f3s i voler prendre&#8217;s la llei pel teu compte.<\/p>\n<p>Per\u00f2 aix\u00f2 \u00e9s el que no has de fer:<\/p>\n<ul>\n<li>Posar-te nervi\u00f3s<\/li>\n<li>Passar per sobre de la llei<\/li>\n<li>Posar-te agressiu<\/li>\n<\/ul>\n<p>&nbsp;<\/p>\n<p>Em sap greu perqu\u00e8 el que et surt de l&#8217;est\u00f3mac \u00e9s posar-te en pla Jason Statham i fotre unes quantes garrotades, per\u00f2 aix\u00f2 nom\u00e9s agreujar\u00e0 el problema.<\/p>\n<p><img loading=\"lazy\" decoding=\"async\" class=\"alignnone size-full wp-image-250838\" src=\"https:\/\/immobarcelo.es\/wp-content\/uploads\/2022\/08\/mossos-desquadra-ajudant-una-dona.jpg\" alt=\"que-fer-si-mocupen-la-casa\" width=\"1024\" height=\"683\" srcset=\"https:\/\/immobarcelo.es\/wp-content\/uploads\/2022\/08\/mossos-desquadra-ajudant-una-dona.jpg 1024w, https:\/\/immobarcelo.es\/wp-content\/uploads\/2022\/08\/mossos-desquadra-ajudant-una-dona-300x200.jpg 300w, https:\/\/immobarcelo.es\/wp-content\/uploads\/2022\/08\/mossos-desquadra-ajudant-una-dona-768x512.jpg 768w\" sizes=\"auto, (max-width: 1024px) 100vw, 1024px\" \/><\/p>\n<h3>Llavors, qu\u00e8 fer si m&#8217;ocupen la casa?<\/h3>\n<p>Res del que et digui donar\u00e0 resposta als teus impulsos; no obstant aix\u00f2, \u00e9s el que tenim i \u00e9s com es mou el m\u00f3n.<\/p>\n<p>El primer que hem de fer \u00e9s trucar a la policia, i aix\u00f2 ho hem de fer de seguida. Si tenim sort i els pillem in fraganti l&#8217;acte es pot considerar un delicte flagrant i aix\u00f2 significa desallotjament immediat.<\/p>\n<p>Per\u00f2, sigui com sigui, truca a la policia.<\/p>\n<p>Despr\u00e9s, haur\u00e0s de denunciar els fets i buscar-te un bon advocat.<\/p>\n<p>En una altra ocasi\u00f3 parlarem dels trucs que hi han per evitar i minimitzar les possibilitats que ens ocupin la casa. Per aix\u00f2 parlarem amb una persona an\u00f2nima, E.B.M., presidenta d&#8217;una associaci\u00f3 ve\u00efnal que, farta de sofrir constants ocupacions a la seva urbanitzaci\u00f3, va aconseguir posar les coses en ordre utilitzant el seu dec\u00e0leg de coses que es poden fer per evitar l&#8217;ocupaci\u00f3.<\/p>\n<p>Ho farem de forma an\u00f2nima, ja que segons ens ha assegurat: durant tot aquest temps he patit constants amenaces i pressions per deixar de dur a terme aquesta tasca altruista.<\/p>\n","protected":false},"excerpt":{"rendered":"<p>L&#8217;estiu est\u00e0 a punt d&#8217;acabar i s\u00f3n moltes les persones o fam\u00edlies que han marxat de vacances amb un neguit, tenen por de tornar a casa i trobar-la ocupada, \u00e9s per aix\u00f2 que avui parlarem de qu\u00e8 fer si m&#8217;ocupen la casa? Ja d&#8217;entrada sabem que \u00e9s un tema molt controvertit, aix\u00ed que intentarem no [&hellip;]<\/p>\n","protected":false},"author":1,"featured_media":250867,"comment_status":"open","ping_status":"open","sticky":false,"template":"","format":"standard","meta":{"_acf_changed":false,"footnotes":""},"categories":[16],"tags":[],"class_list":["post-250886","post","type-post","status-publish","format-standard","has-post-thumbnail","hentry","category-consells-per-a-propietaris"],"acf":[],"yoast_head":"<!-- This site is optimized with the Yoast SEO plugin v27.3 - https:\/\/yoast.com\/product\/yoast-seo-wordpress\/ -->\n<title>Qu\u00e9 fer si m&#039;ocupen la casa? - ImmoBarcel\u00f3<\/title>\n<meta name=\"description\" content=\"L&#039;estiu est\u00e0 a punt d&#039;acabar i s\u00f3n moltes les fam\u00edlies que han marxat de vacances amb un neguit,avui parlarem de qu\u00e8 fer si m&#039;ocupen la casa?\" \/>\n<meta name=\"robots\" content=\"index, follow, max-snippet:-1, max-image-preview:large, max-video-preview:-1\" \/>\n<link rel=\"canonical\" href=\"https:\/\/immobarcelo.es\/ca\/que-fer-si-mocupen-la-casa\/\" \/>\n<meta property=\"og:locale\" content=\"ca_ES\" \/>\n<meta property=\"og:type\" content=\"article\" \/>\n<meta property=\"og:title\" content=\"Qu\u00e9 fer si m&#039;ocupen la casa? - ImmoBarcel\u00f3\" \/>\n<meta property=\"og:description\" content=\"L&#039;estiu est\u00e0 a punt d&#039;acabar i s\u00f3n moltes les fam\u00edlies que han marxat de vacances amb un neguit,avui parlarem de qu\u00e8 fer si m&#039;ocupen la casa?\" \/>\n<meta property=\"og:url\" content=\"https:\/\/immobarcelo.es\/ca\/que-fer-si-mocupen-la-casa\/\" \/>\n<meta property=\"og:site_name\" content=\"ImmoBarcel\u00f3\" \/>\n<meta property=\"article:published_time\" content=\"2022-08-18T09:43:21+00:00\" \/>\n<meta property=\"article:modified_time\" content=\"2022-08-18T15:21:07+00:00\" \/>\n<meta property=\"og:image\" content=\"https:\/\/immobarcelo.es\/wp-content\/uploads\/2022\/08\/parella-de-la-guardia-urbana-fent-la.jpg\" \/>\n\t<meta property=\"og:image:width\" content=\"1024\" \/>\n\t<meta property=\"og:image:height\" content=\"684\" \/>\n\t<meta property=\"og:image:type\" content=\"image\/jpeg\" \/>\n<meta name=\"author\" content=\"wpimmobc\" \/>\n<meta name=\"twitter:card\" content=\"summary_large_image\" \/>\n<meta name=\"twitter:label1\" content=\"Written by\" \/>\n\t<meta name=\"twitter:data1\" content=\"wpimmobc\" \/>\n\t<meta name=\"twitter:label2\" content=\"Est. reading time\" \/>\n\t<meta name=\"twitter:data2\" content=\"4 minutes\" \/>\n<script type=\"application\/ld+json\" class=\"yoast-schema-graph\">{\"@context\":\"https:\\\/\\\/schema.org\",\"@graph\":[{\"@type\":\"Article\",\"@id\":\"https:\\\/\\\/immobarcelo.es\\\/ca\\\/que-fer-si-mocupen-la-casa\\\/#article\",\"isPartOf\":{\"@id\":\"https:\\\/\\\/immobarcelo.es\\\/ca\\\/que-fer-si-mocupen-la-casa\\\/\"},\"author\":{\"name\":\"wpimmobc\",\"@id\":\"https:\\\/\\\/immobarcelo.es\\\/ca\\\/#\\\/schema\\\/person\\\/2618b65e7342aea8ddb439a5aa403884\"},\"headline\":\"Qu\u00e9 fer si m&#8217;ocupen la casa?\",\"datePublished\":\"2022-08-18T09:43:21+00:00\",\"dateModified\":\"2022-08-18T15:21:07+00:00\",\"mainEntityOfPage\":{\"@id\":\"https:\\\/\\\/immobarcelo.es\\\/ca\\\/que-fer-si-mocupen-la-casa\\\/\"},\"wordCount\":707,\"commentCount\":0,\"image\":{\"@id\":\"https:\\\/\\\/immobarcelo.es\\\/ca\\\/que-fer-si-mocupen-la-casa\\\/#primaryimage\"},\"thumbnailUrl\":\"https:\\\/\\\/immobarcelo.es\\\/wp-content\\\/uploads\\\/2022\\\/08\\\/parella-de-la-guardia-urbana-fent-la.jpg\",\"articleSection\":[\"Consells per a propietaris\"],\"inLanguage\":\"ca\"},{\"@type\":\"WebPage\",\"@id\":\"https:\\\/\\\/immobarcelo.es\\\/ca\\\/que-fer-si-mocupen-la-casa\\\/\",\"url\":\"https:\\\/\\\/immobarcelo.es\\\/ca\\\/que-fer-si-mocupen-la-casa\\\/\",\"name\":\"Qu\u00e9 fer si m'ocupen la casa? - ImmoBarcel\u00f3\",\"isPartOf\":{\"@id\":\"https:\\\/\\\/immobarcelo.es\\\/ca\\\/#website\"},\"primaryImageOfPage\":{\"@id\":\"https:\\\/\\\/immobarcelo.es\\\/ca\\\/que-fer-si-mocupen-la-casa\\\/#primaryimage\"},\"image\":{\"@id\":\"https:\\\/\\\/immobarcelo.es\\\/ca\\\/que-fer-si-mocupen-la-casa\\\/#primaryimage\"},\"thumbnailUrl\":\"https:\\\/\\\/immobarcelo.es\\\/wp-content\\\/uploads\\\/2022\\\/08\\\/parella-de-la-guardia-urbana-fent-la.jpg\",\"datePublished\":\"2022-08-18T09:43:21+00:00\",\"dateModified\":\"2022-08-18T15:21:07+00:00\",\"author\":{\"@id\":\"https:\\\/\\\/immobarcelo.es\\\/ca\\\/#\\\/schema\\\/person\\\/2618b65e7342aea8ddb439a5aa403884\"},\"description\":\"L'estiu est\u00e0 a punt d'acabar i s\u00f3n moltes les fam\u00edlies que han marxat de vacances amb un neguit,avui parlarem de qu\u00e8 fer si m'ocupen la casa?\",\"inLanguage\":\"ca\",\"potentialAction\":[{\"@type\":\"ReadAction\",\"target\":[\"https:\\\/\\\/immobarcelo.es\\\/ca\\\/que-fer-si-mocupen-la-casa\\\/\"]}]},{\"@type\":\"ImageObject\",\"inLanguage\":\"ca\",\"@id\":\"https:\\\/\\\/immobarcelo.es\\\/ca\\\/que-fer-si-mocupen-la-casa\\\/#primaryimage\",\"url\":\"https:\\\/\\\/immobarcelo.es\\\/wp-content\\\/uploads\\\/2022\\\/08\\\/parella-de-la-guardia-urbana-fent-la.jpg\",\"contentUrl\":\"https:\\\/\\\/immobarcelo.es\\\/wp-content\\\/uploads\\\/2022\\\/08\\\/parella-de-la-guardia-urbana-fent-la.jpg\",\"width\":1024,\"height\":684,\"caption\":\"que-hacer-si-me-ocupan-la-casa\"},{\"@type\":\"WebSite\",\"@id\":\"https:\\\/\\\/immobarcelo.es\\\/ca\\\/#website\",\"url\":\"https:\\\/\\\/immobarcelo.es\\\/ca\\\/\",\"name\":\"ImmoBarcel\u00f3\",\"description\":\"Otro sitio realizado con WordPress\",\"potentialAction\":[{\"@type\":\"SearchAction\",\"target\":{\"@type\":\"EntryPoint\",\"urlTemplate\":\"https:\\\/\\\/immobarcelo.es\\\/ca\\\/?s={search_term_string}\"},\"query-input\":{\"@type\":\"PropertyValueSpecification\",\"valueRequired\":true,\"valueName\":\"search_term_string\"}}],\"inLanguage\":\"ca\"},{\"@type\":\"Person\",\"@id\":\"https:\\\/\\\/immobarcelo.es\\\/ca\\\/#\\\/schema\\\/person\\\/2618b65e7342aea8ddb439a5aa403884\",\"name\":\"wpimmobc\",\"image\":{\"@type\":\"ImageObject\",\"inLanguage\":\"ca\",\"@id\":\"https:\\\/\\\/secure.gravatar.com\\\/avatar\\\/b904e836584635855eaa0ee2922bae4fe2aa94ffb558048dcc5dac5f98f0fadc?s=96&d=mm&r=g\",\"url\":\"https:\\\/\\\/secure.gravatar.com\\\/avatar\\\/b904e836584635855eaa0ee2922bae4fe2aa94ffb558048dcc5dac5f98f0fadc?s=96&d=mm&r=g\",\"contentUrl\":\"https:\\\/\\\/secure.gravatar.com\\\/avatar\\\/b904e836584635855eaa0ee2922bae4fe2aa94ffb558048dcc5dac5f98f0fadc?s=96&d=mm&r=g\",\"caption\":\"wpimmobc\"},\"sameAs\":[\"https:\\\/\\\/immobarcelo.es\"],\"url\":\"https:\\\/\\\/immobarcelo.es\\\/ca\\\/author\\\/wpimmobc\\\/\"}]}<\/script>\n<!-- \/ Yoast SEO plugin. -->","yoast_head_json":{"title":"Qu\u00e9 fer si m'ocupen la casa? - ImmoBarcel\u00f3","description":"L'estiu est\u00e0 a punt d'acabar i s\u00f3n moltes les fam\u00edlies que han marxat de vacances amb un neguit,avui parlarem de qu\u00e8 fer si m'ocupen la casa?","robots":{"index":"index","follow":"follow","max-snippet":"max-snippet:-1","max-image-preview":"max-image-preview:large","max-video-preview":"max-video-preview:-1"},"canonical":"https:\/\/immobarcelo.es\/ca\/que-fer-si-mocupen-la-casa\/","og_locale":"ca_ES","og_type":"article","og_title":"Qu\u00e9 fer si m'ocupen la casa? - ImmoBarcel\u00f3","og_description":"L'estiu est\u00e0 a punt d'acabar i s\u00f3n moltes les fam\u00edlies que han marxat de vacances amb un neguit,avui parlarem de qu\u00e8 fer si m'ocupen la casa?","og_url":"https:\/\/immobarcelo.es\/ca\/que-fer-si-mocupen-la-casa\/","og_site_name":"ImmoBarcel\u00f3","article_published_time":"2022-08-18T09:43:21+00:00","article_modified_time":"2022-08-18T15:21:07+00:00","og_image":[{"width":1024,"height":684,"url":"https:\/\/immobarcelo.es\/wp-content\/uploads\/2022\/08\/parella-de-la-guardia-urbana-fent-la.jpg","type":"image\/jpeg"}],"author":"wpimmobc","twitter_card":"summary_large_image","twitter_misc":{"Written by":"wpimmobc","Est. reading time":"4 minutes"},"schema":{"@context":"https:\/\/schema.org","@graph":[{"@type":"Article","@id":"https:\/\/immobarcelo.es\/ca\/que-fer-si-mocupen-la-casa\/#article","isPartOf":{"@id":"https:\/\/immobarcelo.es\/ca\/que-fer-si-mocupen-la-casa\/"},"author":{"name":"wpimmobc","@id":"https:\/\/immobarcelo.es\/ca\/#\/schema\/person\/2618b65e7342aea8ddb439a5aa403884"},"headline":"Qu\u00e9 fer si m&#8217;ocupen la casa?","datePublished":"2022-08-18T09:43:21+00:00","dateModified":"2022-08-18T15:21:07+00:00","mainEntityOfPage":{"@id":"https:\/\/immobarcelo.es\/ca\/que-fer-si-mocupen-la-casa\/"},"wordCount":707,"commentCount":0,"image":{"@id":"https:\/\/immobarcelo.es\/ca\/que-fer-si-mocupen-la-casa\/#primaryimage"},"thumbnailUrl":"https:\/\/immobarcelo.es\/wp-content\/uploads\/2022\/08\/parella-de-la-guardia-urbana-fent-la.jpg","articleSection":["Consells per a propietaris"],"inLanguage":"ca"},{"@type":"WebPage","@id":"https:\/\/immobarcelo.es\/ca\/que-fer-si-mocupen-la-casa\/","url":"https:\/\/immobarcelo.es\/ca\/que-fer-si-mocupen-la-casa\/","name":"Qu\u00e9 fer si m'ocupen la casa? - ImmoBarcel\u00f3","isPartOf":{"@id":"https:\/\/immobarcelo.es\/ca\/#website"},"primaryImageOfPage":{"@id":"https:\/\/immobarcelo.es\/ca\/que-fer-si-mocupen-la-casa\/#primaryimage"},"image":{"@id":"https:\/\/immobarcelo.es\/ca\/que-fer-si-mocupen-la-casa\/#primaryimage"},"thumbnailUrl":"https:\/\/immobarcelo.es\/wp-content\/uploads\/2022\/08\/parella-de-la-guardia-urbana-fent-la.jpg","datePublished":"2022-08-18T09:43:21+00:00","dateModified":"2022-08-18T15:21:07+00:00","author":{"@id":"https:\/\/immobarcelo.es\/ca\/#\/schema\/person\/2618b65e7342aea8ddb439a5aa403884"},"description":"L'estiu est\u00e0 a punt d'acabar i s\u00f3n moltes les fam\u00edlies que han marxat de vacances amb un neguit,avui parlarem de qu\u00e8 fer si m'ocupen la casa?","inLanguage":"ca","potentialAction":[{"@type":"ReadAction","target":["https:\/\/immobarcelo.es\/ca\/que-fer-si-mocupen-la-casa\/"]}]},{"@type":"ImageObject","inLanguage":"ca","@id":"https:\/\/immobarcelo.es\/ca\/que-fer-si-mocupen-la-casa\/#primaryimage","url":"https:\/\/immobarcelo.es\/wp-content\/uploads\/2022\/08\/parella-de-la-guardia-urbana-fent-la.jpg","contentUrl":"https:\/\/immobarcelo.es\/wp-content\/uploads\/2022\/08\/parella-de-la-guardia-urbana-fent-la.jpg","width":1024,"height":684,"caption":"que-hacer-si-me-ocupan-la-casa"},{"@type":"WebSite","@id":"https:\/\/immobarcelo.es\/ca\/#website","url":"https:\/\/immobarcelo.es\/ca\/","name":"ImmoBarcel\u00f3","description":"Otro sitio realizado con WordPress","potentialAction":[{"@type":"SearchAction","target":{"@type":"EntryPoint","urlTemplate":"https:\/\/immobarcelo.es\/ca\/?s={search_term_string}"},"query-input":{"@type":"PropertyValueSpecification","valueRequired":true,"valueName":"search_term_string"}}],"inLanguage":"ca"},{"@type":"Person","@id":"https:\/\/immobarcelo.es\/ca\/#\/schema\/person\/2618b65e7342aea8ddb439a5aa403884","name":"wpimmobc","image":{"@type":"ImageObject","inLanguage":"ca","@id":"https:\/\/secure.gravatar.com\/avatar\/b904e836584635855eaa0ee2922bae4fe2aa94ffb558048dcc5dac5f98f0fadc?s=96&d=mm&r=g","url":"https:\/\/secure.gravatar.com\/avatar\/b904e836584635855eaa0ee2922bae4fe2aa94ffb558048dcc5dac5f98f0fadc?s=96&d=mm&r=g","contentUrl":"https:\/\/secure.gravatar.com\/avatar\/b904e836584635855eaa0ee2922bae4fe2aa94ffb558048dcc5dac5f98f0fadc?s=96&d=mm&r=g","caption":"wpimmobc"},"sameAs":["https:\/\/immobarcelo.es"],"url":"https:\/\/immobarcelo.es\/ca\/author\/wpimmobc\/"}]}},"_links":{"self":[{"href":"https:\/\/immobarcelo.es\/ca\/wp-json\/wp\/v2\/posts\/250886","targetHints":{"allow":["GET"]}}],"collection":[{"href":"https:\/\/immobarcelo.es\/ca\/wp-json\/wp\/v2\/posts"}],"about":[{"href":"https:\/\/immobarcelo.es\/ca\/wp-json\/wp\/v2\/types\/post"}],"author":[{"embeddable":true,"href":"https:\/\/immobarcelo.es\/ca\/wp-json\/wp\/v2\/users\/1"}],"replies":[{"embeddable":true,"href":"https:\/\/immobarcelo.es\/ca\/wp-json\/wp\/v2\/comments?post=250886"}],"version-history":[{"count":3,"href":"https:\/\/immobarcelo.es\/ca\/wp-json\/wp\/v2\/posts\/250886\/revisions"}],"predecessor-version":[{"id":250889,"href":"https:\/\/immobarcelo.es\/ca\/wp-json\/wp\/v2\/posts\/250886\/revisions\/250889"}],"wp:featuredmedia":[{"embeddable":true,"href":"https:\/\/immobarcelo.es\/ca\/wp-json\/wp\/v2\/media\/250867"}],"wp:attachment":[{"href":"https:\/\/immobarcelo.es\/ca\/wp-json\/wp\/v2\/media?parent=250886"}],"wp:term":[{"taxonomy":"category","embeddable":true,"href":"https:\/\/immobarcelo.es\/ca\/wp-json\/wp\/v2\/categories?post=250886"},{"taxonomy":"post_tag","embeddable":true,"href":"https:\/\/immobarcelo.es\/ca\/wp-json\/wp\/v2\/tags?post=250886"}],"curies":[{"name":"wp","href":"https:\/\/api.w.org\/{rel}","templated":true}]}}