{"id":252367,"date":"2023-05-18T10:31:08","date_gmt":"2023-05-18T10:31:08","guid":{"rendered":"https:\/\/immobarcelo.es\/?p=252367"},"modified":"2023-05-18T16:43:04","modified_gmt":"2023-05-18T16:43:04","slug":"la-nova-llei-de-lhabitatge-a-espanya","status":"publish","type":"post","link":"https:\/\/immobarcelo.es\/ca\/la-nova-llei-de-lhabitatge-a-espanya\/","title":{"rendered":"Nova llei de l&#8217;habitatge a Espanya: Una regulaci\u00f3 de preus plena de buits"},"content":{"rendered":"<p>La nova llei de l&#8217;habitatge a Espanya: Un intent efectiu de regular els preus o una regulaci\u00f3 plena de buits? En aquest article, explorarem els aspectes clau de la recentment aprovada llei d&#8217;habitatge a Espanya i el seu impacte en el mercat immobiliari.<\/p>\n<p>Des de la regulaci\u00f3 dels preus en zones tensionades fins als beneficis fiscals per als propietaris, analitzarem les mesures implementades i les cr\u00edtiques que han sorgit. Aconseguir\u00e0 aquesta llei abordar els reptes actuals en l&#8217;acc\u00e9s a l&#8217;habitatge o quedar\u00e0 curta en el seu abast?<\/p>\n<p>Descobreix tot el que necessites saber sobre la nova llei de l&#8217;habitatge i les seves implicacions al nostre blog d&#8217;Immobarcelo.<\/p>\n<h2>La nova llei de l&#8217;habitatge a Espanya: Una regulaci\u00f3 de preus plena de buits<\/h2>\n<p>S&#8217;acaba d&#8217;aprovar la nova llei de l&#8217;habitatge a Espanya que busca abordar els reptes i les necessitats en aquest \u00e0mbit. No obstant aix\u00f2, aquesta nova legislaci\u00f3 ha generat opinions dividides degut als buits i limitacions presents en la seva regulaci\u00f3 de preus. A continuaci\u00f3, s&#8217;analitzaran els aspectes m\u00e9s rellevants d&#8217;aquesta llei, vigents fins a maig de 2023.<\/p>\n<h3>Regulaci\u00f3 de preus en la nova llei de l&#8217;habitatge a Espanya<\/h3>\n<p>La llei estableix que una zona ser\u00e0 considerada tensionada si compleix almenys un dels seg\u00fcents requisits: que el cost mitj\u00e0 de lloguer i subministraments b\u00e0sics superi el 30% de la renda mitjana dels habitatges, o que el preu de compra o lloguer d&#8217;habitatges hagi augmentat almenys tres punts m\u00e9s que l&#8217;IPC en els cinc anys anteriors.<\/p>\n<p>Els grans propietaris seran els m\u00e9s afectats per la regulaci\u00f3 de preus. En formalitzar nous contractes de lloguer en aquestes zones, estaran obligats a reduir els preus fins a un l\u00edmit m\u00e0xim establert pel Ministeri de Transports a trav\u00e9s d&#8217;un \u00edndex. Els petits propietaris que posin en lloguer un habitatge per primera vegada tamb\u00e9 estaran subjectes a aquest l\u00edmit, tot i que els petits propietaris que ja tinguin habitatges llogats tindran una regulaci\u00f3 m\u00e9s flexible. Nom\u00e9s podran augmentar el preu quan canvi\u00efn d&#8217;inquil\u00ed i formalitzin un nou contracte si han realitzat obres de rehabilitaci\u00f3 o millora de l&#8217;habitatge que representin almenys el 10% del valor de compra del pis.<\/p>\n<p>A m\u00e9s, es prohibeix augmentar les quotes de lloguer m\u00e9s enll\u00e0 de l&#8217;establert, evitant que els inquilins assumeixin despeses de la comunitat o taxes municipals.<\/p>\n<h3>Actualitzaci\u00f3 anual de les quotes de lloguer:<\/h3>\n<p>A partir de 2025, s&#8217;establir\u00e0 un nou \u00edndex per limitar l&#8217;augment anual de les quotes de lloguer, reempla\u00e7ant l&#8217;IPC com a refer\u00e8ncia. No obstant aix\u00f2, encara no s&#8217;ha definit la f\u00f3rmula concreta per a aquest nou \u00edndex.<\/p>\n<p>Fins a 2025, es mantindran els l\u00edmits actuals: un m\u00e0xim del 2% per a les actualitzacions el 2023 i un m\u00e0xim del 3% el 2024, independentment del nivell d&#8217;inflaci\u00f3. Els propietaris no podran augmentar el preu dels contractes existents per sobre d&#8217;aquests percentatges.<\/p>\n<h3>Excepcions i cr\u00edtiques:<\/h3>\n<p>La nova llei presenta algunes excepcions i ha estat objecte de cr\u00edtiques. Entre elles es destaquen:<\/p>\n<ol>\n<li>S&#8217;exclouen de la regulaci\u00f3 els lloguers de temporada, contractes precaris que permeten desnonar passats diversos mesos i augmentar el preu sense l\u00edmit cada vegada que es fa un de nou;<\/li>\n<li>En els habitatges regulats, es podr\u00e0 augmentar el preu un 10% argumentant simples millores en l&#8217;accessibilitat;<\/li>\n<li>Tamb\u00e9 es podr\u00e0 augmentar el preu incorporant tributs com l&#8217;IBI;<\/li>\n<li>I es podran afegir els increments anuals vinculats a la inflaci\u00f3, que estan permesos fins al 2% el 2023 i fins al 3% el 2024, sense un l\u00edmit clar a partir de 2025.<\/li>\n<\/ol>\n<p>La implantaci\u00f3 de la nova llei de l&#8217;habitatge a Espanya ha generat una s\u00e8rie de cr\u00edtiques a causa de la seva implementaci\u00f3 i abast limitat. Tot i que la llei busca regular els preus de lloguer i protegir els inquilins, hi ha buits que deixen marge per a l&#8217;augment de preus i situacions de desnonament sense alternativa habitacional.<\/p>\n<h3>La cr\u00edtica de l&#8217;expert<\/h3>\n<p>Una de les cr\u00edtiques principals es dirigeix cap a la regulaci\u00f3 de preus en zones tensionades. Tot i que s&#8217;estableixen requisits per identificar aquestes \u00e0rees, la manca de claredat en els criteris i l&#8217;abs\u00e8ncia d&#8217;un mecanisme efectiu per establir l\u00edmits m\u00e0xims de lloguer generen incertesa i dificulten la seva aplicaci\u00f3.<\/p>\n<p>A m\u00e9s, la diferenciaci\u00f3 entre grans i petits propietaris en termes de regulaci\u00f3 de preus resulta injusta i arbitr\u00e0ria. Mentre que els grans propietaris estan obligats a reduir els preus en nous contractes, els petits propietaris gaudeixen d&#8217;una regulaci\u00f3 m\u00e9s laxa, el que pot conduir a situacions d&#8217;ab\u00fas i desigualtat entre els inquilins.<\/p>\n<p>Una altra cr\u00edtica es centra en la manca de mesures contundents per abordar els desnonaments. Tot i que s&#8217;han introdu\u00eft mecanismes de conciliaci\u00f3 i intermediaci\u00f3, no es prohibeixen els desnonaments sense alternativa habitacional ni s&#8217;estableix l&#8217;obligaci\u00f3 d&#8217;ofereixre lloguer social, deixant a molts inquilins en una posici\u00f3 vulnerable en finalitzar els seus contractes de lloguer.<\/p>\n<p>A m\u00e9s, tot i que s&#8217;ha mencionat la import\u00e0ncia de l&#8217;habitatge protegit i s&#8217;ha establert la qualificaci\u00f3 permanent, la llei no garanteix un augment significatiu d&#8217;habitatges p\u00fablics ni una inversi\u00f3 suficient per abordar la demanda creixent d&#8217;habitatges assequibles.<\/p>\n<p>En resum, la implantaci\u00f3 de la nova llei de l&#8217;habitatge a Espanya s&#8217;enfronta a cr\u00edtiques per la seva manca de claredat, el seu enfocament desigual entre propietaris i la seva insuficient abordatge dels desnonaments i l&#8217;habitatge p\u00fablic. Perqu\u00e8 aquesta llei sigui efectiva i aconsegueixi els resultats desitjats, \u00e9s necessari abordar aquestes defici\u00e8ncies i buscar solucions m\u00e9s equitatives i comprensives en benefici de tots els actors involucrats en el mercat immobiliari.<\/p>\n<h3>Desnonaments, beneficis fiscals als arrendadors i gaireb\u00e9 res d&#8217;habitatge p\u00fablic<\/h3>\n<h3>Desnonaments<\/h3>\n<p>-Es dilaten els desnonaments, per\u00f2 no es detenen. No es prohibeixen els llan\u00e7aments sense alternativa habitacional i no es genera l&#8217;obligaci\u00f3 d&#8217;ofereixre lloguer social que s\u00ed existeix a Catalunya. S&#8217;introdueixen mecanismes com la conciliaci\u00f3 i la intermediaci\u00f3, per\u00f2 no es posa fi a la viol\u00e8ncia dels desnonaments.<\/p>\n<p>-Tampoc es prohibeixen els desnonaments invisibles, les expulsions que es donen quan finalitza el contracte de lloguer, encara que s&#8217;hagi complert amb totes les obligacions contractuales. La amen\u00e7a de l&#8217;expulsi\u00f3 quan finalitza el contracte fa que molts inquilins no s&#8217;atreveixin a negociar res i renuncien als seus drets.<\/p>\n<h3>Beneficis fiscals als arrendadors<\/h3>\n<p>-Beneficis fiscals per als arrendadors. Fins ara, els arrendadors tenien una bonificaci\u00f3 fiscal del 60%. Nom\u00e9s tributaven sobre el 40% del que ingressaven. Amb aquesta llei, aquest benefici baixa una mica, al 50%. En canvi, tenen tot un seguit de bonificacions: del 90% en cas que realitzin un nou contracte amb una reducci\u00f3 del 5%; del 70% si lloguen a persones d&#8217;entre 18 i 35 anys; del 60% si han rebut subvencions per realitzar rehabilitacions (a m\u00e9s de poder pujar el preu un 10%, en aquest cas).<\/p>\n<p>-Habitatge protegit per sempre, per\u00f2 sense recursos. S&#8217;acaba amb la tradici\u00f3 de fer habitatge protegit que al cap d&#8217;uns anys passa al mercat privat, inflant bombolles de preus. \u00c9s a dir, s&#8217;aprova la qualificaci\u00f3 permanent de l&#8217;habitatge protegit a futur mentre es mantingui la qualificaci\u00f3 del s\u00f2l, el que ja est\u00e0 vigent a Euskadi des de fa anys i a Catalunya des de 2019. Tamb\u00e9 es parla d&#8217;assolir un 20 % d&#8217;habitatges destinades a finalitats socials en 20 anys. No obstant aix\u00f2, malgrat els successius anuncis gaireb\u00e9 par\u00f2dics de Pedro S\u00e1nchez, la llei no obliga l&#8217;Estat a augmentar la inversi\u00f3 p\u00fablica -avui en xifres rid\u00edcules- ni explica d&#8217;on sortiran els dos milions d&#8217;habitatges que necessitar\u00edem per acostar-nos a aquesta xifra.<\/p>\n<h3>Conclusions de la nova llei de l&#8217;habitatge a Espanya<\/h3>\n<p>La nova llei de l&#8217;habitatge a Espanya, de maig de 2023, \u00e9s objecte de controv\u00e8rsia a causa de les limitacions i buits en la seva regulaci\u00f3 de preus. Tot i que s&#8217;han introdu\u00eft mesures per controlar els preus en zones tensionades i limitar les pujades anuals de lloguer, hi ha excepcions que permeten increments i situacions de desnonament sense alternativa habitacional.<\/p>\n<p>A m\u00e9s, s&#8217;han implementat canvis en els beneficis fiscals per als propietaris d&#8217;habitatges en lloguer. Tot i que s&#8217;estableix la qualificaci\u00f3 permanent d&#8217;habitatge protegit, la llei no garanteix un augment significatiu d&#8217;habitatges p\u00fablics ni una inversi\u00f3 suficient per abordar la demanda actual.<\/p>\n","protected":false},"excerpt":{"rendered":"<p>La nova llei de l&#8217;habitatge a Espanya: Un intent efectiu de regular els preus o una regulaci\u00f3 plena de buits? En aquest article, explorarem els aspectes clau de la recentment aprovada llei d&#8217;habitatge a Espanya i el seu impacte en el mercat immobiliari. Des de la regulaci\u00f3 dels preus en zones tensionades fins als beneficis [&hellip;]<\/p>\n","protected":false},"author":1,"featured_media":252369,"comment_status":"open","ping_status":"open","sticky":false,"template":"","format":"standard","meta":{"_acf_changed":false,"footnotes":""},"categories":[16,18,3],"tags":[],"class_list":["post-252367","post","type-post","status-publish","format-standard","has-post-thumbnail","hentry","category-consells-per-a-propietaris","category-featured-ca","category-uncategorized-ca"],"acf":[],"yoast_head":"<!-- This site is optimized with the Yoast SEO plugin v27.3 - https:\/\/yoast.com\/product\/yoast-seo-wordpress\/ -->\n<title>Nova llei de l&#039;habitatge a Espanya: Una regulaci\u00f3 de preus plena de buits - ImmoBarcel\u00f3<\/title>\n<meta name=\"description\" content=\"La nova llei de l&#039;habitatge a Espanya: Un intent efectiu de regular els preus o una regulaci\u00f3 plena de buits? T&#039;ho expliquem tot.\" \/>\n<meta name=\"robots\" content=\"index, follow, max-snippet:-1, max-image-preview:large, max-video-preview:-1\" \/>\n<link rel=\"canonical\" href=\"https:\/\/immobarcelo.es\/ca\/la-nova-llei-de-lhabitatge-a-espanya\/\" \/>\n<meta property=\"og:locale\" content=\"ca_ES\" \/>\n<meta property=\"og:type\" content=\"article\" \/>\n<meta property=\"og:title\" content=\"Nova llei de l&#039;habitatge a Espanya: Una regulaci\u00f3 de preus plena de buits - ImmoBarcel\u00f3\" \/>\n<meta property=\"og:description\" content=\"La nova llei de l&#039;habitatge a Espanya: Un intent efectiu de regular els preus o una regulaci\u00f3 plena de buits? T&#039;ho expliquem tot.\" \/>\n<meta property=\"og:url\" content=\"https:\/\/immobarcelo.es\/ca\/la-nova-llei-de-lhabitatge-a-espanya\/\" \/>\n<meta property=\"og:site_name\" content=\"ImmoBarcel\u00f3\" \/>\n<meta property=\"article:published_time\" content=\"2023-05-18T10:31:08+00:00\" \/>\n<meta property=\"article:modified_time\" content=\"2023-05-18T16:43:04+00:00\" \/>\n<meta property=\"og:image\" content=\"https:\/\/immobarcelo.es\/wp-content\/uploads\/2023\/05\/logan-armstrong-hVhfqhDYciU-unsplash-1.jpg\" \/>\n\t<meta property=\"og:image:width\" content=\"2400\" \/>\n\t<meta property=\"og:image:height\" content=\"1600\" \/>\n\t<meta property=\"og:image:type\" content=\"image\/jpeg\" \/>\n<meta name=\"author\" content=\"wpimmobc\" \/>\n<meta name=\"twitter:card\" content=\"summary_large_image\" \/>\n<meta name=\"twitter:label1\" content=\"Written by\" \/>\n\t<meta name=\"twitter:data1\" content=\"wpimmobc\" \/>\n\t<meta name=\"twitter:label2\" content=\"Est. reading time\" \/>\n\t<meta name=\"twitter:data2\" content=\"7 minutes\" \/>\n<script type=\"application\/ld+json\" class=\"yoast-schema-graph\">{\"@context\":\"https:\\\/\\\/schema.org\",\"@graph\":[{\"@type\":\"Article\",\"@id\":\"https:\\\/\\\/immobarcelo.es\\\/ca\\\/la-nova-llei-de-lhabitatge-a-espanya\\\/#article\",\"isPartOf\":{\"@id\":\"https:\\\/\\\/immobarcelo.es\\\/ca\\\/la-nova-llei-de-lhabitatge-a-espanya\\\/\"},\"author\":{\"name\":\"wpimmobc\",\"@id\":\"https:\\\/\\\/immobarcelo.es\\\/ca\\\/#\\\/schema\\\/person\\\/2618b65e7342aea8ddb439a5aa403884\"},\"headline\":\"Nova llei de l&#8217;habitatge a Espanya: Una regulaci\u00f3 de preus plena de buits\",\"datePublished\":\"2023-05-18T10:31:08+00:00\",\"dateModified\":\"2023-05-18T16:43:04+00:00\",\"mainEntityOfPage\":{\"@id\":\"https:\\\/\\\/immobarcelo.es\\\/ca\\\/la-nova-llei-de-lhabitatge-a-espanya\\\/\"},\"wordCount\":1449,\"commentCount\":0,\"image\":{\"@id\":\"https:\\\/\\\/immobarcelo.es\\\/ca\\\/la-nova-llei-de-lhabitatge-a-espanya\\\/#primaryimage\"},\"thumbnailUrl\":\"https:\\\/\\\/immobarcelo.es\\\/wp-content\\\/uploads\\\/2023\\\/05\\\/logan-armstrong-hVhfqhDYciU-unsplash-1.jpg\",\"articleSection\":[\"Consells per a propietaris\",\"Featured\",\"Uncategorized @ca\"],\"inLanguage\":\"ca\"},{\"@type\":\"WebPage\",\"@id\":\"https:\\\/\\\/immobarcelo.es\\\/ca\\\/la-nova-llei-de-lhabitatge-a-espanya\\\/\",\"url\":\"https:\\\/\\\/immobarcelo.es\\\/ca\\\/la-nova-llei-de-lhabitatge-a-espanya\\\/\",\"name\":\"Nova llei de l'habitatge a Espanya: Una regulaci\u00f3 de preus plena de buits - ImmoBarcel\u00f3\",\"isPartOf\":{\"@id\":\"https:\\\/\\\/immobarcelo.es\\\/ca\\\/#website\"},\"primaryImageOfPage\":{\"@id\":\"https:\\\/\\\/immobarcelo.es\\\/ca\\\/la-nova-llei-de-lhabitatge-a-espanya\\\/#primaryimage\"},\"image\":{\"@id\":\"https:\\\/\\\/immobarcelo.es\\\/ca\\\/la-nova-llei-de-lhabitatge-a-espanya\\\/#primaryimage\"},\"thumbnailUrl\":\"https:\\\/\\\/immobarcelo.es\\\/wp-content\\\/uploads\\\/2023\\\/05\\\/logan-armstrong-hVhfqhDYciU-unsplash-1.jpg\",\"datePublished\":\"2023-05-18T10:31:08+00:00\",\"dateModified\":\"2023-05-18T16:43:04+00:00\",\"author\":{\"@id\":\"https:\\\/\\\/immobarcelo.es\\\/ca\\\/#\\\/schema\\\/person\\\/2618b65e7342aea8ddb439a5aa403884\"},\"description\":\"La nova llei de l'habitatge a Espanya: Un intent efectiu de regular els preus o una regulaci\u00f3 plena de buits? T'ho expliquem tot.\",\"inLanguage\":\"ca\",\"potentialAction\":[{\"@type\":\"ReadAction\",\"target\":[\"https:\\\/\\\/immobarcelo.es\\\/ca\\\/la-nova-llei-de-lhabitatge-a-espanya\\\/\"]}]},{\"@type\":\"ImageObject\",\"inLanguage\":\"ca\",\"@id\":\"https:\\\/\\\/immobarcelo.es\\\/ca\\\/la-nova-llei-de-lhabitatge-a-espanya\\\/#primaryimage\",\"url\":\"https:\\\/\\\/immobarcelo.es\\\/wp-content\\\/uploads\\\/2023\\\/05\\\/logan-armstrong-hVhfqhDYciU-unsplash-1.jpg\",\"contentUrl\":\"https:\\\/\\\/immobarcelo.es\\\/wp-content\\\/uploads\\\/2023\\\/05\\\/logan-armstrong-hVhfqhDYciU-unsplash-1.jpg\",\"width\":2400,\"height\":1600,\"caption\":\"la-nova-llei-de-la-vivienda-a-espanya\"},{\"@type\":\"WebSite\",\"@id\":\"https:\\\/\\\/immobarcelo.es\\\/ca\\\/#website\",\"url\":\"https:\\\/\\\/immobarcelo.es\\\/ca\\\/\",\"name\":\"ImmoBarcel\u00f3\",\"description\":\"Otro sitio realizado con WordPress\",\"potentialAction\":[{\"@type\":\"SearchAction\",\"target\":{\"@type\":\"EntryPoint\",\"urlTemplate\":\"https:\\\/\\\/immobarcelo.es\\\/ca\\\/?s={search_term_string}\"},\"query-input\":{\"@type\":\"PropertyValueSpecification\",\"valueRequired\":true,\"valueName\":\"search_term_string\"}}],\"inLanguage\":\"ca\"},{\"@type\":\"Person\",\"@id\":\"https:\\\/\\\/immobarcelo.es\\\/ca\\\/#\\\/schema\\\/person\\\/2618b65e7342aea8ddb439a5aa403884\",\"name\":\"wpimmobc\",\"image\":{\"@type\":\"ImageObject\",\"inLanguage\":\"ca\",\"@id\":\"https:\\\/\\\/secure.gravatar.com\\\/avatar\\\/b904e836584635855eaa0ee2922bae4fe2aa94ffb558048dcc5dac5f98f0fadc?s=96&d=mm&r=g\",\"url\":\"https:\\\/\\\/secure.gravatar.com\\\/avatar\\\/b904e836584635855eaa0ee2922bae4fe2aa94ffb558048dcc5dac5f98f0fadc?s=96&d=mm&r=g\",\"contentUrl\":\"https:\\\/\\\/secure.gravatar.com\\\/avatar\\\/b904e836584635855eaa0ee2922bae4fe2aa94ffb558048dcc5dac5f98f0fadc?s=96&d=mm&r=g\",\"caption\":\"wpimmobc\"},\"sameAs\":[\"https:\\\/\\\/immobarcelo.es\"],\"url\":\"https:\\\/\\\/immobarcelo.es\\\/ca\\\/author\\\/wpimmobc\\\/\"}]}<\/script>\n<!-- \/ Yoast SEO plugin. -->","yoast_head_json":{"title":"Nova llei de l'habitatge a Espanya: Una regulaci\u00f3 de preus plena de buits - ImmoBarcel\u00f3","description":"La nova llei de l'habitatge a Espanya: Un intent efectiu de regular els preus o una regulaci\u00f3 plena de buits? T'ho expliquem tot.","robots":{"index":"index","follow":"follow","max-snippet":"max-snippet:-1","max-image-preview":"max-image-preview:large","max-video-preview":"max-video-preview:-1"},"canonical":"https:\/\/immobarcelo.es\/ca\/la-nova-llei-de-lhabitatge-a-espanya\/","og_locale":"ca_ES","og_type":"article","og_title":"Nova llei de l'habitatge a Espanya: Una regulaci\u00f3 de preus plena de buits - ImmoBarcel\u00f3","og_description":"La nova llei de l'habitatge a Espanya: Un intent efectiu de regular els preus o una regulaci\u00f3 plena de buits? T'ho expliquem tot.","og_url":"https:\/\/immobarcelo.es\/ca\/la-nova-llei-de-lhabitatge-a-espanya\/","og_site_name":"ImmoBarcel\u00f3","article_published_time":"2023-05-18T10:31:08+00:00","article_modified_time":"2023-05-18T16:43:04+00:00","og_image":[{"width":2400,"height":1600,"url":"https:\/\/immobarcelo.es\/wp-content\/uploads\/2023\/05\/logan-armstrong-hVhfqhDYciU-unsplash-1.jpg","type":"image\/jpeg"}],"author":"wpimmobc","twitter_card":"summary_large_image","twitter_misc":{"Written by":"wpimmobc","Est. reading time":"7 minutes"},"schema":{"@context":"https:\/\/schema.org","@graph":[{"@type":"Article","@id":"https:\/\/immobarcelo.es\/ca\/la-nova-llei-de-lhabitatge-a-espanya\/#article","isPartOf":{"@id":"https:\/\/immobarcelo.es\/ca\/la-nova-llei-de-lhabitatge-a-espanya\/"},"author":{"name":"wpimmobc","@id":"https:\/\/immobarcelo.es\/ca\/#\/schema\/person\/2618b65e7342aea8ddb439a5aa403884"},"headline":"Nova llei de l&#8217;habitatge a Espanya: Una regulaci\u00f3 de preus plena de buits","datePublished":"2023-05-18T10:31:08+00:00","dateModified":"2023-05-18T16:43:04+00:00","mainEntityOfPage":{"@id":"https:\/\/immobarcelo.es\/ca\/la-nova-llei-de-lhabitatge-a-espanya\/"},"wordCount":1449,"commentCount":0,"image":{"@id":"https:\/\/immobarcelo.es\/ca\/la-nova-llei-de-lhabitatge-a-espanya\/#primaryimage"},"thumbnailUrl":"https:\/\/immobarcelo.es\/wp-content\/uploads\/2023\/05\/logan-armstrong-hVhfqhDYciU-unsplash-1.jpg","articleSection":["Consells per a propietaris","Featured","Uncategorized @ca"],"inLanguage":"ca"},{"@type":"WebPage","@id":"https:\/\/immobarcelo.es\/ca\/la-nova-llei-de-lhabitatge-a-espanya\/","url":"https:\/\/immobarcelo.es\/ca\/la-nova-llei-de-lhabitatge-a-espanya\/","name":"Nova llei de l'habitatge a Espanya: Una regulaci\u00f3 de preus plena de buits - ImmoBarcel\u00f3","isPartOf":{"@id":"https:\/\/immobarcelo.es\/ca\/#website"},"primaryImageOfPage":{"@id":"https:\/\/immobarcelo.es\/ca\/la-nova-llei-de-lhabitatge-a-espanya\/#primaryimage"},"image":{"@id":"https:\/\/immobarcelo.es\/ca\/la-nova-llei-de-lhabitatge-a-espanya\/#primaryimage"},"thumbnailUrl":"https:\/\/immobarcelo.es\/wp-content\/uploads\/2023\/05\/logan-armstrong-hVhfqhDYciU-unsplash-1.jpg","datePublished":"2023-05-18T10:31:08+00:00","dateModified":"2023-05-18T16:43:04+00:00","author":{"@id":"https:\/\/immobarcelo.es\/ca\/#\/schema\/person\/2618b65e7342aea8ddb439a5aa403884"},"description":"La nova llei de l'habitatge a Espanya: Un intent efectiu de regular els preus o una regulaci\u00f3 plena de buits? T'ho expliquem tot.","inLanguage":"ca","potentialAction":[{"@type":"ReadAction","target":["https:\/\/immobarcelo.es\/ca\/la-nova-llei-de-lhabitatge-a-espanya\/"]}]},{"@type":"ImageObject","inLanguage":"ca","@id":"https:\/\/immobarcelo.es\/ca\/la-nova-llei-de-lhabitatge-a-espanya\/#primaryimage","url":"https:\/\/immobarcelo.es\/wp-content\/uploads\/2023\/05\/logan-armstrong-hVhfqhDYciU-unsplash-1.jpg","contentUrl":"https:\/\/immobarcelo.es\/wp-content\/uploads\/2023\/05\/logan-armstrong-hVhfqhDYciU-unsplash-1.jpg","width":2400,"height":1600,"caption":"la-nova-llei-de-la-vivienda-a-espanya"},{"@type":"WebSite","@id":"https:\/\/immobarcelo.es\/ca\/#website","url":"https:\/\/immobarcelo.es\/ca\/","name":"ImmoBarcel\u00f3","description":"Otro sitio realizado con WordPress","potentialAction":[{"@type":"SearchAction","target":{"@type":"EntryPoint","urlTemplate":"https:\/\/immobarcelo.es\/ca\/?s={search_term_string}"},"query-input":{"@type":"PropertyValueSpecification","valueRequired":true,"valueName":"search_term_string"}}],"inLanguage":"ca"},{"@type":"Person","@id":"https:\/\/immobarcelo.es\/ca\/#\/schema\/person\/2618b65e7342aea8ddb439a5aa403884","name":"wpimmobc","image":{"@type":"ImageObject","inLanguage":"ca","@id":"https:\/\/secure.gravatar.com\/avatar\/b904e836584635855eaa0ee2922bae4fe2aa94ffb558048dcc5dac5f98f0fadc?s=96&d=mm&r=g","url":"https:\/\/secure.gravatar.com\/avatar\/b904e836584635855eaa0ee2922bae4fe2aa94ffb558048dcc5dac5f98f0fadc?s=96&d=mm&r=g","contentUrl":"https:\/\/secure.gravatar.com\/avatar\/b904e836584635855eaa0ee2922bae4fe2aa94ffb558048dcc5dac5f98f0fadc?s=96&d=mm&r=g","caption":"wpimmobc"},"sameAs":["https:\/\/immobarcelo.es"],"url":"https:\/\/immobarcelo.es\/ca\/author\/wpimmobc\/"}]}},"_links":{"self":[{"href":"https:\/\/immobarcelo.es\/ca\/wp-json\/wp\/v2\/posts\/252367","targetHints":{"allow":["GET"]}}],"collection":[{"href":"https:\/\/immobarcelo.es\/ca\/wp-json\/wp\/v2\/posts"}],"about":[{"href":"https:\/\/immobarcelo.es\/ca\/wp-json\/wp\/v2\/types\/post"}],"author":[{"embeddable":true,"href":"https:\/\/immobarcelo.es\/ca\/wp-json\/wp\/v2\/users\/1"}],"replies":[{"embeddable":true,"href":"https:\/\/immobarcelo.es\/ca\/wp-json\/wp\/v2\/comments?post=252367"}],"version-history":[{"count":4,"href":"https:\/\/immobarcelo.es\/ca\/wp-json\/wp\/v2\/posts\/252367\/revisions"}],"predecessor-version":[{"id":252385,"href":"https:\/\/immobarcelo.es\/ca\/wp-json\/wp\/v2\/posts\/252367\/revisions\/252385"}],"wp:featuredmedia":[{"embeddable":true,"href":"https:\/\/immobarcelo.es\/ca\/wp-json\/wp\/v2\/media\/252369"}],"wp:attachment":[{"href":"https:\/\/immobarcelo.es\/ca\/wp-json\/wp\/v2\/media?parent=252367"}],"wp:term":[{"taxonomy":"category","embeddable":true,"href":"https:\/\/immobarcelo.es\/ca\/wp-json\/wp\/v2\/categories?post=252367"},{"taxonomy":"post_tag","embeddable":true,"href":"https:\/\/immobarcelo.es\/ca\/wp-json\/wp\/v2\/tags?post=252367"}],"curies":[{"name":"wp","href":"https:\/\/api.w.org\/{rel}","templated":true}]}}